{"id":640,"date":"2015-09-02T19:19:50","date_gmt":"2015-09-02T17:19:50","guid":{"rendered":"http:\/\/www.sv-kirchanschoering.de\/2015\/09\/02\/bayernliga-kaliber-fc-unterfoehring-zu-gast-svk-fussball-am-wochenende-ii-iii\/"},"modified":"2015-09-02T19:19:50","modified_gmt":"2015-09-02T17:19:50","slug":"bayernliga-kaliber-fc-unterfoehring-zu-gast-svk-fussball-am-wochenende-ii-iii","status":"publish","type":"post","link":"https:\/\/www.sv-kirchanschoering.de\/?p=640","title":{"rendered":"Bayernliga-Kaliber FC Unterf\u00f6hring zu Gast: SVK &#8211; Fu\u00dfball am Wochenende + II. + III."},"content":{"rendered":"<p><strong>Bayernliga-Kaliber FC Unterf\u00f6hring zu Gast: SVK &#8211; Fu\u00dfball am Wochenende + II. + III.<\/strong><\/p>\n<p>Am Samstag erwartet das gelb-schwarze SVK-Bayernliga-Team den Tabellendritten FC Unterf\u00f6hring im Stadion an der Laufener Stra\u00dfe, Spielbeginn ist um 15:00 Uhr.<\/p>\n<p>Anschlie\u00dfend spielt das SVK U23-Team gegen den ASV Grassau.<br \/>Ebenfalls am Sa. reist das SVK-Schwarze-Erde Team zum SV Saaldorf II, Anpfiff ist um 13:00 Uhr.<\/p>\n<p>Mannschaften und Abteilungsleitung hoffen auf zahlreiche Unterst\u00fctzung.<\/p>\n<p>&nbsp;<\/p>\n","protected":false},"excerpt":{"rendered":"<p>Bayernliga-Kaliber FC Unterf\u00f6hring zu Gast: SVK &#8211; Fu\u00dfball am Wochenende + II. + III. Am Samstag erwartet das gelb-schwarze SVK-Bayernliga-Team den Tabellendritten FC Unterf\u00f6hring im Stadion an der Laufener Stra\u00dfe, Spielbeginn ist um 15:00 Uhr. Anschlie\u00dfend spielt das SVK U23-Team gegen den ASV Grassau.Ebenfalls am Sa. reist das SVK-Schwarze-Erde Team zum SV Saaldorf II, Anpfiff &hellip; <\/p>\n<p class=\"link-more\"><a href=\"https:\/\/www.sv-kirchanschoering.de\/?p=640\" class=\"more-link\"><span class=\"screen-reader-text\">\u201eBayernliga-Kaliber FC Unterf\u00f6hring zu Gast: SVK &#8211; Fu\u00dfball am Wochenende + II. + III.\u201c<\/span> weiterlesen<\/a><\/p>\n","protected":false},"author":1,"featured_media":0,"comment_status":"open","ping_status":"open","sticky":false,"template":"","format":"standard","meta":{"footnotes":""},"categories":[37],"tags":[],"_links":{"self":[{"href":"https:\/\/www.sv-kirchanschoering.de\/index.php?rest_route=\/wp\/v2\/posts\/640"}],"collection":[{"href":"https:\/\/www.sv-kirchanschoering.de\/index.php?rest_route=\/wp\/v2\/posts"}],"about":[{"href":"https:\/\/www.sv-kirchanschoering.de\/index.php?rest_route=\/wp\/v2\/types\/post"}],"author":[{"embeddable":true,"href":"https:\/\/www.sv-kirchanschoering.de\/index.php?rest_route=\/wp\/v2\/users\/1"}],"replies":[{"embeddable":true,"href":"https:\/\/www.sv-kirchanschoering.de\/index.php?rest_route=%2Fwp%2Fv2%2Fcomments&post=640"}],"version-history":[{"count":0,"href":"https:\/\/www.sv-kirchanschoering.de\/index.php?rest_route=\/wp\/v2\/posts\/640\/revisions"}],"wp:attachment":[{"href":"https:\/\/www.sv-kirchanschoering.de\/index.php?rest_route=%2Fwp%2Fv2%2Fmedia&parent=640"}],"wp:term":[{"taxonomy":"category","embeddable":true,"href":"https:\/\/www.sv-kirchanschoering.de\/index.php?rest_route=%2Fwp%2Fv2%2Fcategories&post=640"},{"taxonomy":"post_tag","embeddable":true,"href":"https:\/\/www.sv-kirchanschoering.de\/index.php?rest_route=%2Fwp%2Fv2%2Ftags&post=640"}],"curies":[{"name":"wp","href":"https:\/\/api.w.org\/{rel}","templated":true}]}}